{"id":212,"date":"2015-04-09T22:07:35","date_gmt":"2015-04-09T20:07:35","guid":{"rendered":"http:\/\/jochen-schramm.de\/?p=212"},"modified":"2015-04-09T22:07:35","modified_gmt":"2015-04-09T20:07:35","slug":"radikal","status":"publish","type":"post","link":"https:\/\/entdeckedeinemenschlichkeit.de\/wp\/2015\/04\/09\/radikal\/","title":{"rendered":"Radikal!"},"content":{"rendered":"<p>Hallo liebe Leser,<\/p>\n<p>meine Erfahrungen des letzten Jahres f\u00fchren nun zu einem Beschluss, den ich unbedingt gleich kundtun muss! Meinen Entschluss muss ich kundtun, um ihn zu festigen und damit Jede_r wei\u00df, was Sache ist. Gro\u00dfe Worte, ich wei\u00df. Bin ja eigentlich nicht so der Hau-drauf, aber manchmal geht es halt nicht anders.<br \/>\nGenug des Gepl\u00e4nkels. Damit ich meine ich nicht allein diesen Post, sondern vielmehr, dass ich ab jetzt allgemein ganz offen agieren werde. Anders kann kein dauerhaft gutes Miteinander entstehen. Wenn ich aus den Erfahrungen des letzten Jahres etwas gelernt habe, dann das. Alles muss ausgesprochen werden d\u00fcrfen und Tabus sind b\u00f6se. Alles andere \u00f6ffnet Missverst\u00e4ndnissen und Verletzungen T\u00fcr und Tor. Auch, wenn das verheimlichen gut gemeint ist, damit sich das Gegen\u00fcber keine Gedanken machen muss, es funktioniert nicht. So lange die kritischen Punkte nicht angesprochen sind und dar\u00fcber gesprochen wurde, so lange kann es keinen Frieden geben.<br \/>\nNat\u00fcrlich soll das nun nicht hei\u00dfen, dass immer alles ausdiskutiert werden muss und es keine Privatsph\u00e4re gibt, bestimmt nicht, aber wenn etwas unter den N\u00e4geln brennt, muss dar\u00fcber geredet werden k\u00f6nnen. Wenn beide soweit sind, das ist eine wichtige Voraussetzung. Jemanden zu \u00fcberrennen bringt nat\u00fcrlich auch nichts und sorgt nur f\u00fcr Zwietracht. Mir ist schon bewusst, dass das leichter geschrieben als getan ist. Wenn Emotionen da sind, ist es ja oft alles andere als leicht, ruhig und gelassen zu (re-)agieren. Da nehme ich mich selbst nicht aus &#8212; im Gegenteil, da ich nie gelernt habe, zu diskutieren, f\u00e4llt es mir alles andere leicht, zu sagen, was ich denke, bevor ich vor Emotionen \u00fcberlaufe und mich garantiert nicht mehr halbwegs gelassen artikulieren kann. Nun ja, jetzt habe ich ja Gelegenheit zu \u00fcben. \ud83d\ude09<br \/>\nWenn man einmal begriffen hat, dass man nichts verliert, wenn man mit offenem Visier k\u00e4mpft und dass man auch keine Angst haben muss, dass etwas kaputt geht, wenn man nicht mit seiner Meinung hinter dem Berg h\u00e4lt, kann man viel befreiter leben. Das f\u00fchlt sich so gut an. Es fasziniert mich in letzter Zeit total, wie viel leichter sich das Leben lebt und wie viel zusammen l\u00e4uft, wenn man sich nicht mehr dagegen stellt, sondern sich vom Leben tragen l\u00e4sst.<br \/>\nIhr k\u00f6nnt mich gerne auf diesen Beitrag verweisen, wenn ihr merkt, dass ich etwas verheimlicht habe oder nicht gut reagiert habe. Werde da sicher mitunter Fehler machen und auch mal den bequemen Weg w\u00e4hlen. Nun, da ich auch lernen muss, mich nicht verr\u00fcckt zu machen und mir zu verzeihen, ist das ein weiteres weites Feld zum Lernen und Wachsen. \ud83d\ude42<\/p>\n<p>In diesem Sinne, diskutiert mal sch\u00f6n offen, auch mit mir, es lohnt sich<br \/>\nEuer gr\u00fcner Albatros<\/p>\n","protected":false},"excerpt":{"rendered":"<p>Hallo liebe Leser, meine Erfahrungen des letzten Jahres f\u00fchren nun zu einem Beschluss, den ich unbedingt gleich kundtun muss! Meinen Entschluss muss ich kundtun, um ihn zu festigen und damit Jede_r wei\u00df, was Sache ist. Gro\u00dfe Worte, ich wei\u00df. Bin ja eigentlich nicht so der Hau-drauf, aber manchmal geht es halt nicht anders. Genug des &hellip; <\/p>\n<p class=\"link-more\"><a href=\"https:\/\/entdeckedeinemenschlichkeit.de\/wp\/2015\/04\/09\/radikal\/\" class=\"more-link\"><span class=\"screen-reader-text\">\u201eRadikal!\u201c <\/span>weiterlesen<\/a><\/p>\n","protected":false},"author":1,"featured_media":0,"comment_status":"open","ping_status":"open","sticky":false,"template":"","format":"standard","meta":{"_jetpack_memberships_contains_paid_content":false,"footnotes":""},"categories":[],"tags":[],"class_list":["post-212","post","type-post","status-publish","format-standard","hentry"],"jetpack_featured_media_url":"","jetpack_sharing_enabled":true,"_links":{"self":[{"href":"https:\/\/entdeckedeinemenschlichkeit.de\/wp\/wp-json\/wp\/v2\/posts\/212","targetHints":{"allow":["GET"]}}],"collection":[{"href":"https:\/\/entdeckedeinemenschlichkeit.de\/wp\/wp-json\/wp\/v2\/posts"}],"about":[{"href":"https:\/\/entdeckedeinemenschlichkeit.de\/wp\/wp-json\/wp\/v2\/types\/post"}],"author":[{"embeddable":true,"href":"https:\/\/entdeckedeinemenschlichkeit.de\/wp\/wp-json\/wp\/v2\/users\/1"}],"replies":[{"embeddable":true,"href":"https:\/\/entdeckedeinemenschlichkeit.de\/wp\/wp-json\/wp\/v2\/comments?post=212"}],"version-history":[{"count":2,"href":"https:\/\/entdeckedeinemenschlichkeit.de\/wp\/wp-json\/wp\/v2\/posts\/212\/revisions"}],"predecessor-version":[{"id":214,"href":"https:\/\/entdeckedeinemenschlichkeit.de\/wp\/wp-json\/wp\/v2\/posts\/212\/revisions\/214"}],"wp:attachment":[{"href":"https:\/\/entdeckedeinemenschlichkeit.de\/wp\/wp-json\/wp\/v2\/media?parent=212"}],"wp:term":[{"taxonomy":"category","embeddable":true,"href":"https:\/\/entdeckedeinemenschlichkeit.de\/wp\/wp-json\/wp\/v2\/categories?post=212"},{"taxonomy":"post_tag","embeddable":true,"href":"https:\/\/entdeckedeinemenschlichkeit.de\/wp\/wp-json\/wp\/v2\/tags?post=212"}],"curies":[{"name":"wp","href":"https:\/\/api.w.org\/{rel}","templated":true}]}}