{"id":202,"date":"2015-01-17T08:20:34","date_gmt":"2015-01-17T08:20:34","guid":{"rendered":"http:\/\/jochen-schramm.de\/?p=202"},"modified":"2015-04-12T20:22:17","modified_gmt":"2015-04-12T18:22:17","slug":"keule-ade","status":"publish","type":"post","link":"https:\/\/entdeckedeinemenschlichkeit.de\/wp\/2015\/01\/17\/keule-ade\/","title":{"rendered":"Keule Ad\u00e9"},"content":{"rendered":"<p>Hallo liebe Leser_innen,<\/p>\n<p>heute ist der erste Tag ohne die inzwischen doch irgendwie gewohnte Keule: das Antibiotikum. Juhu. Das Antibiotikum musste ich nun fast zwei Monate lang zu mir nehmen, weil ich im November eine OP hatte, die das n\u00f6tig gemacht hat. Was hei\u00dft n\u00f6tig, es war wohl eine Vorsichtsma\u00dfnahme seitens der \u00c4rzte, die unter allen Umst\u00e4nden verhindern wollten, dass sich der Keim den Weg in mein Gehirn bahnen kann und dort etwas kaputt machen kann. Das wollte ich nat\u00fcrlich auch nicht.<br \/>\nMein Organismus wird sich freuen, das Zeug endlich los zu sein, beziehungsweise nun langsam mal wirklich abbauen zu k\u00f6nnen! Allerdings muss ich sagen, dass ich in der ganzen Zeit nie Probleme damit gehabt habe. Keine Verdauungsprobleme, nichts. Nur relativ zu Anfang ein paar Tage lang Hautr\u00f6tungen, aber das kann auch an etwas anderem gelegen haben. Dass ich das hochdosierte Antibiotikum so gut vertragen habe, schreibe ich der Ern\u00e4hrung zu. Mal wieder super, was pflanzliche Ern\u00e4hrung so alles bewirkt.<\/p>\n<p>Einen richtig sch\u00f6nen Samstag w\u00fcnsche ich Euch!<\/p>\n<p>Herzliche Gr\u00fc\u00dfe<br \/>\nder gr\u00fcne Albatros<\/p>\n","protected":false},"excerpt":{"rendered":"<p>Hallo liebe Leser_innen, heute ist der erste Tag ohne die inzwischen doch irgendwie gewohnte Keule: das Antibiotikum. Juhu. Das Antibiotikum musste ich nun fast zwei Monate lang zu mir nehmen, weil ich im November eine OP hatte, die das n\u00f6tig gemacht hat. Was hei\u00dft n\u00f6tig, es war wohl eine Vorsichtsma\u00dfnahme seitens der \u00c4rzte, die unter &hellip; <\/p>\n<p class=\"link-more\"><a href=\"https:\/\/entdeckedeinemenschlichkeit.de\/wp\/2015\/01\/17\/keule-ade\/\" class=\"more-link\"><span class=\"screen-reader-text\">\u201eKeule Ad\u00e9\u201c <\/span>weiterlesen<\/a><\/p>\n","protected":false},"author":1,"featured_media":0,"comment_status":"open","ping_status":"open","sticky":false,"template":"","format":"standard","meta":{"_jetpack_memberships_contains_paid_content":false,"footnotes":""},"categories":[],"tags":[],"class_list":["post-202","post","type-post","status-publish","format-standard","hentry"],"jetpack_featured_media_url":"","jetpack_sharing_enabled":true,"_links":{"self":[{"href":"https:\/\/entdeckedeinemenschlichkeit.de\/wp\/wp-json\/wp\/v2\/posts\/202","targetHints":{"allow":["GET"]}}],"collection":[{"href":"https:\/\/entdeckedeinemenschlichkeit.de\/wp\/wp-json\/wp\/v2\/posts"}],"about":[{"href":"https:\/\/entdeckedeinemenschlichkeit.de\/wp\/wp-json\/wp\/v2\/types\/post"}],"author":[{"embeddable":true,"href":"https:\/\/entdeckedeinemenschlichkeit.de\/wp\/wp-json\/wp\/v2\/users\/1"}],"replies":[{"embeddable":true,"href":"https:\/\/entdeckedeinemenschlichkeit.de\/wp\/wp-json\/wp\/v2\/comments?post=202"}],"version-history":[{"count":1,"href":"https:\/\/entdeckedeinemenschlichkeit.de\/wp\/wp-json\/wp\/v2\/posts\/202\/revisions"}],"predecessor-version":[{"id":203,"href":"https:\/\/entdeckedeinemenschlichkeit.de\/wp\/wp-json\/wp\/v2\/posts\/202\/revisions\/203"}],"wp:attachment":[{"href":"https:\/\/entdeckedeinemenschlichkeit.de\/wp\/wp-json\/wp\/v2\/media?parent=202"}],"wp:term":[{"taxonomy":"category","embeddable":true,"href":"https:\/\/entdeckedeinemenschlichkeit.de\/wp\/wp-json\/wp\/v2\/categories?post=202"},{"taxonomy":"post_tag","embeddable":true,"href":"https:\/\/entdeckedeinemenschlichkeit.de\/wp\/wp-json\/wp\/v2\/tags?post=202"}],"curies":[{"name":"wp","href":"https:\/\/api.w.org\/{rel}","templated":true}]}}